{"id":3742,"date":"2019-02-28T10:56:32","date_gmt":"2019-02-28T13:56:32","guid":{"rendered":"https:\/\/www.sublimis.com\/noticias\/?p=3742"},"modified":"2019-02-28T11:02:20","modified_gmt":"2019-02-28T14:02:20","slug":"trastorno-de-la-articulacion-temporomandibular","status":"publish","type":"post","link":"https:\/\/www.sublimis.com\/noticias\/trastorno-de-la-articulacion-temporomandibular\/","title":{"rendered":"Trastorno de la Articulaci\u00f3n Temporomandibular: S\u00edntomas y Tratamientos"},"content":{"rendered":"\n<p>La <strong>articulaci\u00f3n temporomandibular<\/strong> es la articulaci\u00f3n que conecta la mand\u00edbula con el cr\u00e1neo. Entre sus funciones principales se encuentra la masticaci\u00f3n y la degluci\u00f3n de los alimentos, esenciales para el normal desenvolvimiento de la vida diaria. Estos movimientos dependen de los m\u00fasculos que la envuelven y de los ligamentos que la sostienen. <br><\/p>\n\n\n\n<p>La articulaci\u00f3n temporomandibular puede sufrir trastornos relacionados con el estr\u00e9s o con el uso contin\u00fao y forzado de la articulaci\u00f3n. Muchas veces, debido a golpes, mala oclusi\u00f3n e incluso accidentes, esta articulaci\u00f3n puede sufrir da\u00f1os y generar molestias en los pacientes. Molestias como dolor en quijada, dolor en cuello, dolor en la mand\u00edbula e incluso migra\u00f1as pueden confundirse con otras enfermedades cuando realmente el paciente est\u00e1 sufriendio el <strong>trastorno de la articulaci\u00f3n temporomandibular <\/strong>o<strong> TMD.<\/strong><br><\/p>\n\n\n\n<p>Son muchos los pacientes que sienten algunos s\u00edntomas mencionados anteriormente. Dichos s\u00edntomas tienden a generar cierta confusi\u00f3n debido a las diferentes causas y debido a la zona donde se presentan. Por esa raz\u00f3n, es importante acudir con tu especialista en <a href=\"https:\/\/www.sublimis.com\/odontologia-argentina\/estetica-dental-cordoba.html\" target=\"_blank\" rel=\"noreferrer noopener\" aria-label=\"odontolog\u00eda (abre en una nueva pesta\u00f1a)\">odontolog\u00eda<\/a>; \u00e9l se encargar\u00e1 de realizar una revisi\u00f3n bucal y de esta manera brindar\u00e1 al paciente la mejor orientaci\u00f3n de acuerdo a los s\u00edntomas que presenta.<br><\/p>\n\n\n\n<h2 class=\"wp-block-heading\">\u00bfQu\u00e9 es el trastorno de la articulaci\u00f3n temporomandibular?<\/h2>\n\n\n\n<p>El transtorno de la articulaci\u00f3n temporomandibular (TMD) es una alteraci\u00f3n de la articulaci\u00f3n temporomandibular. Esta articulaci\u00f3n es la que conecta la mand\u00edbula con el cr\u00e1neo. Cuando se lesiona y se produce este trastorno puede ser debido a lesiones o problemas que afectan los m\u00fasculos, ligamentos y estructuras que la rodean, alterando su funcionamiento, lo que ocasiona una limitaci\u00f3n funcional de la <strong>masticaci\u00f3n<\/strong>. <\/p>\n\n\n\n<div class=\"wp-block-image\"><figure class=\"aligncenter\"><img loading=\"lazy\" decoding=\"async\" width=\"800\" height=\"582\" src=\"https:\/\/www.sublimis.com\/noticias\/wp-content\/uploads\/2019\/02\/diagnostico-tmd.jpg\" alt=\"Tratamiento para el transtorno de la articulaci\u00f3n temporomandibular\" class=\"wp-image-3747\" srcset=\"https:\/\/www.sublimis.com\/noticias\/wp-content\/uploads\/2019\/02\/diagnostico-tmd.jpg 800w, https:\/\/www.sublimis.com\/noticias\/wp-content\/uploads\/2019\/02\/diagnostico-tmd-600x437.jpg 600w, https:\/\/www.sublimis.com\/noticias\/wp-content\/uploads\/2019\/02\/diagnostico-tmd-300x218.jpg 300w, https:\/\/www.sublimis.com\/noticias\/wp-content\/uploads\/2019\/02\/diagnostico-tmd-768x559.jpg 768w, https:\/\/www.sublimis.com\/noticias\/wp-content\/uploads\/2019\/02\/diagnostico-tmd-700x509.jpg 700w\" sizes=\"auto, (max-width: 800px) 100vw, 800px\" \/><\/figure><\/div>\n\n\n\n<h2 class=\"wp-block-heading\">S\u00edntomas del trastorno de la articulaci\u00f3n temporomandibular<\/h2>\n\n\n\n<p>Entre los s\u00edntomas del <strong>TMD<\/strong> se puede presentar:<br><\/p>\n\n\n\n<ul class=\"wp-block-list\"><li>Dolor o sensibilidad extrema en la regi\u00f3n mandibular y facial.<\/li><li>Dificultad para masticar, acompa\u00f1ada de dolor.<\/li><li><strong>Dolor en la quijada, mand\u00edbula y cuello.<\/strong><\/li><li>Dolor de cabeza y de o\u00eddo, incluso migra\u00f1a.<\/li><li>Dificultad para abrir y cerrar la boca.<\/li><li>Presencia de un chasquido o ruido al abrir y cerrar la boca o masticar.<\/li><\/ul>\n\n\n\n<p>Cabe destacar que en ocasiones, el TMD puede ser una de las <strong>causas de la migra\u00f1a <\/strong>as\u00ed que si tu sufres de ella pod\u00e9s revisar con tu odont\u00f3logo o m\u00e9dico especialista esta posibilidad.<\/p>\n\n\n\n<h2 class=\"wp-block-heading\">\u00bfC\u00f3mo tratar el TMD?<\/h2>\n\n\n\n<p>El tratamiento del <strong>trastorno de la articulaci\u00f3n temporomandibular<\/strong> var\u00eda de acuerdo a la terap\u00e9utica implementada tras una valoraci\u00f3n odontol\u00f3gica, si bien se debe comenzar con una serie de cuidados b\u00e1sicos como:<br><\/p>\n\n\n\n<ul class=\"wp-block-list\"><li><strong>Colocar compresas fr\u00edas o calor h\u00famedo<\/strong> en la zona de la mand\u00edbula por aproximadamente 10 minutos.<\/li><li><strong>Practicar ejercicios de relajaci\u00f3n<\/strong> que contribuyan a disminuir el estr\u00e9s, recomendados por su fisioterapeuta u odont\u00f3logo.<\/li><li>I<strong>ngerir alimentos blandos<\/strong>.<\/li><\/ul>\n\n\n\n<p>Despu\u00e9s de implementar estos cuidados b\u00e1sicos, el odont\u00f3logo puede implementar un tratamiento con base a<strong> f\u00e9rulas oclusales. <\/strong>\u00c9stas<strong> <\/strong>son aparatos elaborados con resina dura de acr\u00edlico que se colocan encima de las piezas dentarias del maxilar superior. Su objetivo principal es reducir los s\u00edntomas y molestias deL TMD. <br><\/p>\n\n\n\n<p>Las f\u00e9rulas oclusales son un<strong> tratamiento reversible no invasivo <\/strong>que ofrece muchos beneficios para el paciente como:<br><\/p>\n\n\n\n<ul class=\"wp-block-list\"><li>Efecto relajante.<\/li><li>Disminuci\u00f3n de los s\u00edntomas y signos de TMD.<\/li><li>Mejoran la &nbsp;posici\u00f3n condilea al aumentar la dimensi\u00f3n vertical de este.<\/li><li>Suministran en forma temporal una situaci\u00f3n oclusal permitiendo as\u00ed a la articulaci\u00f3n adoptar una posici\u00f3n m\u00e1s estable desde el punto de vista ortop\u00e9dico.<\/li><li>Disminuyen la actividad muscular anormal.<\/li><li>Suministran protecci\u00f3n a las estructuras dentarias.<\/li><\/ul>\n\n\n\n<div class=\"wp-block-image\"><figure class=\"aligncenter\"><img loading=\"lazy\" decoding=\"async\" width=\"800\" height=\"533\" src=\"https:\/\/www.sublimis.com\/noticias\/wp-content\/uploads\/2019\/02\/tratamiento-transtorno-temporomandibular.jpg\" alt=\"Qu\u00e9 opciones ten\u00e9s para tratar el dolor de quijada\" class=\"wp-image-3748\" srcset=\"https:\/\/www.sublimis.com\/noticias\/wp-content\/uploads\/2019\/02\/tratamiento-transtorno-temporomandibular.jpg 800w, https:\/\/www.sublimis.com\/noticias\/wp-content\/uploads\/2019\/02\/tratamiento-transtorno-temporomandibular-600x400.jpg 600w, https:\/\/www.sublimis.com\/noticias\/wp-content\/uploads\/2019\/02\/tratamiento-transtorno-temporomandibular-300x200.jpg 300w, https:\/\/www.sublimis.com\/noticias\/wp-content\/uploads\/2019\/02\/tratamiento-transtorno-temporomandibular-768x512.jpg 768w, https:\/\/www.sublimis.com\/noticias\/wp-content\/uploads\/2019\/02\/tratamiento-transtorno-temporomandibular-700x466.jpg 700w\" sizes=\"auto, (max-width: 800px) 100vw, 800px\" \/><\/figure><\/div>\n\n\n\n<p>El uso de estas f\u00e9rulas ofrece muchas ventajas aparte de reducir los s\u00edntomas del TMC, tambi\u00e9n son son efectivas para los pacientes que padecen de ronquidos y de apnea del sue\u00f1o. Los beneficios principales de las f\u00e9rulas oclusales es que en pocas semanas se hacen evidentes los resultados y la reducci\u00f3n de s\u00edntomas del TMD, tambi\u00e9n es una alternativa con costo bajo.<br><\/p>\n\n\n\n<p>Las f\u00e9rulas oclusales poseen algunas desventajas como el aumento de salivaci\u00f3n en el paciente, incomodidad al deglutir y podr\u00edan ocasionar tensi\u00f3n entre los m\u00fasicilos de la cara y boca, especialmente durante los primeros d\u00edas.<\/p>\n\n\n\n<p>Todo paciente del <strong>TMD <\/strong>debe seguir estas indicaciones supervisado por su odont\u00f3logo o m\u00e9dico especialista para aliviar los s\u00edntomas. De hacerlo, entre 4 y 6 semanas se ver\u00e1 un restablecimiento del buen funcionamiento de la articulaci\u00f3n.<\/p>\n\n\n\n<p>En ocasiones, a pesar de los cuidados y del tratamiento, la sintomatolog\u00eda persiste. Cuando esto sucede, ser\u00e1n necesarios estudios m\u00e1s exhaustivos para un diagn\u00f3stico preciso sobre las causas del trastorno de la articulaci\u00f3n temporomandibular.<br><\/p>\n\n\n\n<p>Es importante tener en cuenta que el TMD puede desaparecer de forma espont\u00e1nea. Y es que en ocasiones este trastorno tiende a confundirse con otras patolog\u00edas faciales con s\u00edntomas muy similares.<br><\/p>\n\n\n\n<p>La orientaci\u00f3n del especialista es fundamental para el diagn\u00f3stico y resoluci\u00f3n del <strong>TMD<\/strong>. Por ello, en Sublimis contamos con odont\u00f3logos y m\u00e9dicos especialistas de primer nivel para que determinen el tratamiento que necesitas, y te lleven de la mano durante todo el proceso. <br><\/p>\n\n\n\n<h2 class=\"wp-block-heading\">Consultas online sin cargo<\/h2>\n\n\n\n<p>Para m\u00e1s informaci\u00f3n o evacuar dudas consult\u00e1 sin cargo con nuestro especialista <a href=\"https:\/\/www.sublimis.com\/odontologia-argentina\/odontologo-nicolas-cozzarin.html\">Nicol\u00e1s Cozzarin<\/a>. Desde Sublimis te brindamos las mejores t\u00e9cnicas y procedimientos en beneficio de tu salud f\u00edsica y mental.<br><\/p>\n<!-- AddThis Advanced Settings generic via filter on the_content --><!-- AddThis Share Buttons generic via filter on the_content -->","protected":false},"excerpt":{"rendered":"<p>La articulaci\u00f3n temporomandibular es la articulaci\u00f3n que conecta la mand\u00edbula con el cr\u00e1neo. Entre sus funciones principales se encuentra la masticaci\u00f3n y la degluci\u00f3n de los alimentos, esenciales para el normal desenvolvimiento de la vida diaria. Estos movimientos dependen de los m\u00fasculos que la envuelven y de los ligamentos que &#8230;<!-- AddThis Advanced Settings generic via filter on get_the_excerpt --><!-- AddThis Share Buttons generic via filter on get_the_excerpt --><\/p>\n","protected":false},"author":8,"featured_media":3743,"comment_status":"open","ping_status":"open","sticky":false,"template":"","format":"standard","meta":{"footnotes":""},"categories":[27],"tags":[],"class_list":["post-3742","post","type-post","status-publish","format-standard","has-post-thumbnail","hentry","category-odontologia","column","twocol","has-thumbnail"],"aioseo_notices":[],"amp_enabled":true,"_links":{"self":[{"href":"https:\/\/www.sublimis.com\/noticias\/wp-json\/wp\/v2\/posts\/3742","targetHints":{"allow":["GET"]}}],"collection":[{"href":"https:\/\/www.sublimis.com\/noticias\/wp-json\/wp\/v2\/posts"}],"about":[{"href":"https:\/\/www.sublimis.com\/noticias\/wp-json\/wp\/v2\/types\/post"}],"author":[{"embeddable":true,"href":"https:\/\/www.sublimis.com\/noticias\/wp-json\/wp\/v2\/users\/8"}],"replies":[{"embeddable":true,"href":"https:\/\/www.sublimis.com\/noticias\/wp-json\/wp\/v2\/comments?post=3742"}],"version-history":[{"count":0,"href":"https:\/\/www.sublimis.com\/noticias\/wp-json\/wp\/v2\/posts\/3742\/revisions"}],"wp:featuredmedia":[{"embeddable":true,"href":"https:\/\/www.sublimis.com\/noticias\/wp-json\/wp\/v2\/media\/3743"}],"wp:attachment":[{"href":"https:\/\/www.sublimis.com\/noticias\/wp-json\/wp\/v2\/media?parent=3742"}],"wp:term":[{"taxonomy":"category","embeddable":true,"href":"https:\/\/www.sublimis.com\/noticias\/wp-json\/wp\/v2\/categories?post=3742"},{"taxonomy":"post_tag","embeddable":true,"href":"https:\/\/www.sublimis.com\/noticias\/wp-json\/wp\/v2\/tags?post=3742"}],"curies":[{"name":"wp","href":"https:\/\/api.w.org\/{rel}","templated":true}]}}