{"id":3778,"date":"2019-03-11T14:04:50","date_gmt":"2019-03-11T17:04:50","guid":{"rendered":"https:\/\/www.sublimis.com\/noticias\/?p=3778"},"modified":"2019-03-11T19:23:57","modified_gmt":"2019-03-11T22:23:57","slug":"dia-mundial-del-glaucoma","status":"publish","type":"post","link":"https:\/\/www.sublimis.com\/noticias\/dia-mundial-del-glaucoma\/","title":{"rendered":"D\u00eda Mundial del Glaucoma: \u00bfQu\u00e9 es y c\u00f3mo se trata?"},"content":{"rendered":"\n<p><em>El d\u00eda 12 de Marzo se celebrar\u00e1 el <\/em><strong><em>D\u00eda Mundial del Glaucoma<\/em><\/strong><em>. La Asociaci\u00f3n Mundial del Glaucoma (WGA) y la Asociaci\u00f3n Mundial de Pacientes con Glaucoma (WGPA) son las organizaciones que avalan esta celebraci\u00f3n. Desde Sublimis nos sumamos a este iniciativa que tiene como prop\u00f3sito difundir y dar a conocer en qu\u00e9 consiste la enfermedad, c\u00f3mo diagnosticarla y qu\u00e9 hacer para su prevenci\u00f3n.<\/em><br><\/p>\n\n\n\n<p>C\u00f3rdoba, Argentina &#8211; Un <a href=\"https:\/\/www.ncbi.nlm.nih.gov\/pubmed\/16488940\">estudio publicado en la National Library of Medicine National Institutes of Health<\/a> de Estado Unidos se\u00f1ala que el glaucoma afectar\u00e1 a unas 80 millones de personas a nivel mundial para el 2020. Esta cifra se calcula que puede aumentar en un 20% para el a\u00f1o 2050. Aproximadamente 1.200.000 personas padecen de esta alteraci\u00f3n en Argentina sin ni siquiera saberlo, de acuerdo a cifras del 2018. Solo el 50% de quienes lo padecen en nuestro pa\u00eds, lo saben.<\/p>\n\n\n\n<h2 class=\"wp-block-heading\">\u00bfQu\u00e9 es el glaucoma?<\/h2>\n\n\n\n<p>El <strong>glaucoma<\/strong> es una enfermedad cr\u00f3nica. Es una alteraci\u00f3n que se presenta por lesi\u00f3n en el nervio \u00f3ptico producido por un aumento en la presi\u00f3n ocular. Debido a que el ojo no recibe irrigaci\u00f3n sangu\u00ednea en algunas partes, produce un l\u00edquido que se conoce como humor acuoso y su acumulaci\u00f3n puede generar aumento de <strong>presi\u00f3n ocular.<\/strong> Esto se produce porque el sistema de drenaje del ojo se tapa impidiendo que el fluido intraocular drene normalmente.<br><\/p>\n\n\n\n<p>Es importante tener en cuenta que existen casos donde el glaucoma se presenta sin aumento de presi\u00f3n intraocular.<\/p>\n\n\n\n<h2 class=\"wp-block-heading\">\u00bfCu\u00e1les son los s\u00edntomas del glaucoma?<\/h2>\n\n\n\n<p>El glaucoma se presenta de manera silenciosa al inicio del aumento de la presi\u00f3n ocular, es decir, no produce ning\u00fan s\u00edntoma. Cuando se presenta el glaucoma de \u00e1ngulo cerrado se hacen presentes los siguientes <strong>s\u00edntomas del glaucoma<\/strong>:<br><\/p>\n\n\n\n<ul class=\"wp-block-list\"><li>Fuerte dolor de cabeza.<\/li><li>Dolor en los ojos.<\/li><li>Enrojecimiento de los ojos.<\/li><li>Disminuci\u00f3n de la visi\u00f3n o visi\u00f3n borrosa.<\/li><li>Trastornos visuales como visi\u00f3n de halos alrededor de la luz.<\/li><li>Dificultad para adaptarse a la oscuridad.<\/li><li>Visi\u00f3n en t\u00fanel: esto consiste en el estrechamiento del campo visual, solo permite ver los objetos que se tienen en frente.<\/li><li>N\u00e1useas y v\u00f3mitos.<\/li><\/ul>\n\n\n\n<div class=\"wp-block-image\"><figure class=\"aligncenter\"><img loading=\"lazy\" decoding=\"async\" width=\"700\" height=\"392\" src=\"https:\/\/www.sublimis.com\/noticias\/wp-content\/uploads\/2019\/03\/sintomas-glaucoma-cuales.jpg\" alt=\"Presi\u00f3n ocular por el glaucoma\" class=\"wp-image-3780\" srcset=\"https:\/\/www.sublimis.com\/noticias\/wp-content\/uploads\/2019\/03\/sintomas-glaucoma-cuales.jpg 700w, https:\/\/www.sublimis.com\/noticias\/wp-content\/uploads\/2019\/03\/sintomas-glaucoma-cuales-600x336.jpg 600w, https:\/\/www.sublimis.com\/noticias\/wp-content\/uploads\/2019\/03\/sintomas-glaucoma-cuales-300x168.jpg 300w\" sizes=\"auto, (max-width: 700px) 100vw, 700px\" \/><\/figure><\/div>\n\n\n\n<h2 class=\"wp-block-heading\">Tipos de glaucoma<\/h2>\n\n\n\n<p>Se conocen 2 tipos de glaucoma principalmente. Dichos tipos var\u00edan de acuerdo al \u00e1ngulo de drenaje interno del ojo, el cual controla la salida del fluido que se produce continuamente dentro suyo. <br><\/p>\n\n\n\n<p>De acuerdo a esto se encuentran:<br><\/p>\n\n\n\n<ul class=\"wp-block-list\"><li><strong>Glaucoma de \u00e1ngulo abierto:<\/strong> este se produce cuando el fluido logra acceder al \u00e1ngulo de drenaje. Y es el m\u00e1s frecuente.<\/li><\/ul>\n\n\n\n<ul class=\"wp-block-list\"><li><strong>Glaucoma de \u00e1ngulo cerrado: <\/strong>en este caso el \u00e1ngulo de drenaje se encuentra cerrado, por lo que el fluido no logra llegar al drenaje.<\/li><\/ul>\n\n\n\n<p>Existe lo que se conoce como variaciones de los tipos de <strong>glaucoma ocular. <\/strong>Estos se conocen como:<br><\/p>\n\n\n\n<p><strong>Glaucoma de \u00e1ngulo abierto primario (POAG): <\/strong>este tipo de glaucoma se presenta con m\u00e1s frecuencia. Disminuye de manera gradual la visi\u00f3n perif\u00e9rica no da sintomatolog\u00eda, una vez que aparecen los s\u00edntomas es porque existe da\u00f1o permanente de la visi\u00f3n.<br><\/p>\n\n\n\n<p>El avance de este tipo de glaucoma puede llegar a desencadenar lo que se conoce como \u201cvisi\u00f3n de t\u00fanel\u201d. Con este tipo de visi\u00f3n solo se pueden ver los objetos que se encuentran delante de la persona. De esta manera se puede llegar a perder la visi\u00f3n de forma total.<br><\/p>\n\n\n\n<p><strong>Glaucoma de \u00e1ngulo cerrado:<\/strong> tambi\u00e9n conocida como glaucoma de \u00e1ngulo estrecho. Es una emergencia m\u00e9dica una vez que se presentan los s\u00edntomas: dolor en el ojo, cefalea, dilataci\u00f3n de las pupilas, ojos rojos, p\u00e9rdida de la visi\u00f3n, e incluso pueden presentar n\u00e1useas y v\u00f3mitos.<br><\/p>\n\n\n\n<p><strong>Glaucoma de tensi\u00f3n normal: <\/strong>es conocido como glaucoma de baja presi\u00f3n, es un tipo de glaucoma de \u00e1ngulo abierto que puede ocasionar p\u00e9rdida de la visi\u00f3n por lesi\u00f3n del nervio \u00f3ptico pero a pesar de esto se mantiene la presi\u00f3n intraocular normal.<br><\/p>\n\n\n\n<div class=\"wp-block-image\"><figure class=\"aligncenter is-resized\"><img loading=\"lazy\" decoding=\"async\" src=\"https:\/\/www.sublimis.com\/noticias\/wp-content\/uploads\/2019\/03\/tipos-de-glaucoma.jpg\" alt=\"\u00bfC\u00f3mo saber si tengo glaucoma?\" class=\"wp-image-3781\" width=\"550\" height=\"366\" srcset=\"https:\/\/www.sublimis.com\/noticias\/wp-content\/uploads\/2019\/03\/tipos-de-glaucoma.jpg 800w, https:\/\/www.sublimis.com\/noticias\/wp-content\/uploads\/2019\/03\/tipos-de-glaucoma-600x400.jpg 600w, https:\/\/www.sublimis.com\/noticias\/wp-content\/uploads\/2019\/03\/tipos-de-glaucoma-300x200.jpg 300w, https:\/\/www.sublimis.com\/noticias\/wp-content\/uploads\/2019\/03\/tipos-de-glaucoma-768x512.jpg 768w, https:\/\/www.sublimis.com\/noticias\/wp-content\/uploads\/2019\/03\/tipos-de-glaucoma-700x466.jpg 700w\" sizes=\"auto, (max-width: 550px) 100vw, 550px\" \/><\/figure><\/div>\n\n\n\n<p><strong>Glaucoma pigmentario: <\/strong>este tipo de glaucoma es poco frecuente y es ocasionado por la obstrucci\u00f3n del \u00e1ngulo de drenaje del ojo. Esto se debe a la liberaci\u00f3n de gr\u00e1nulos de pigmento del epitelio pigmentario del iris disminuyendo as\u00ed la cantidad de fluido que logra salir del ojo.<br><\/p>\n\n\n\n<p>Este tipo de glaucoma se presenta frecuentemente en los hombres cauc\u00e1sicos en edades comprendidas entre los 20 y 50 a\u00f1os de edad.<br><\/p>\n\n\n\n<p><strong>Glaucoma secundario: <\/strong>en este caso, el glaucoma se puede desarrollar producto de una lesi\u00f3n en el ojo o proceso infeccioso, tumor, inflamaci\u00f3n que pueden desencadenar esta alteraci\u00f3n.<br><\/p>\n\n\n\n<p><strong>Glaucoma cong\u00e9nito: <\/strong>la aparici\u00f3n de este glaucoma es desde el momento del nacimiento; en un 80% de los casos, el diagn\u00f3stico se realiza durante el primer a\u00f1o de vida porque estos ni\u00f1os nacen con \u00e1ngulos cerrados u otros defectos en el drenaje de los ojos.<\/p>\n\n\n\n<h2 class=\"wp-block-heading\">Consejos para cuidar los ojos<\/h2>\n\n\n\n<p>Lo principal que se debe tener en cuenta para el cuidado de los ojos es acudir a la consulta con el m\u00e9dico <strong>oftalm\u00f3logo<\/strong> al menos dos veces al a\u00f1o. El oftalm\u00f3logo se encargar\u00e1 de detectar alguna patolog\u00eda que se encuentre presente en la visi\u00f3n.<br><\/p>\n\n\n\n<p>Por medio de la historia cl\u00ednica, el oftalm\u00f3logo tomar\u00e1 datos sobre los antecedentes personales, familiares y la edad del paciente, factores importantes en el diagn\u00f3stico y control de esta enfermedad. Otras acciones son:<br><\/p>\n\n\n\n<ul class=\"wp-block-list\"><li>Revisar el nervio \u00f3ptico a trav\u00e9s de un fondo de ojo con el fin de descartar la existencia de alg\u00fan tipo de lesi\u00f3n.<\/li><\/ul>\n\n\n\n<ul class=\"wp-block-list\"><li>Verificar si se est\u00e1 realizando el drenado del humor acuoso de forma adecuada.<\/li><\/ul>\n\n\n\n<ul class=\"wp-block-list\"><li>Medir la <strong>presi\u00f3n ocular s\u00edntomas<\/strong> que es la que desencadena esta alteraci\u00f3n, de esta manera se har\u00e1 el diagn\u00f3stico y se iniciar\u00e1 el <strong>tratamiento para el glaucoma<\/strong> acorde a los s\u00edntomas que presente el paciente.<\/li><\/ul>\n\n\n\n<p>Es importante tener en cuenta que esta enfermedad no tiene cura pero se puede prevenir y controlar el avance de esta condici\u00f3n. Esto se logra a trav\u00e9s de la prescripci\u00f3n de los tratamientos acorde a la sintomatolog\u00eda que presente el paciente. Estos van desde la aplicaci\u00f3n de gotas oft\u00e1lmicas hasta la <a href=\"https:\/\/www.sublimis.com\/oftalmologia-argentina\/cirugia-de-glaucoma-cordoba.html\">cirug\u00eda l\u00e1ser de glaucoma<\/a>. Siempre es mejor ponerse en manos de profesionales especializados para esto.<br><\/p>\n\n\n\n<p>Lo m\u00e1s importante para la detecci\u00f3n oportuna del glaucoma es la prevenci\u00f3n. Las personas deben tener claro <strong>qu\u00e9 es el glaucoma <\/strong>de esta manera se evitar\u00e1 la p\u00e9rdida de la visi\u00f3n. Es importante tomar en cuenta que cuando \u00e9sta se empieza a degenerar, no podr\u00e1 recuperarse de nuevo.<br><\/p>\n\n\n\n<p>Las personas est\u00e1n propensas a sufrir de glaucoma en determinada etapa de la vida o producto de alguna lesi\u00f3n en los ojos que pudiera desencadenar esta alteraci\u00f3n.<br><\/p>\n\n\n\n<p>Conocer de esta condici\u00f3n y prevenir su aparici\u00f3n acudiendo a controles oftalmol\u00f3gicos m\u00ednimo dos veces al a\u00f1o o cuando sea necesario, es la mejor manera de detectar cualquier anomal\u00eda que pueda estar present\u00e1ndose en la visi\u00f3n sin darse cuenta.<br><\/p>\n\n\n\n<h2 class=\"wp-block-heading\">Consultas y Control M\u00e9dico sin Cargo<\/h2>\n\n\n\n<p>En Sublimis contamos con <a href=\"https:\/\/www.sublimis.com\/oftalmologia-argentina\/doctor-facundo-rodriguez-saudel.html\">m\u00e9dicos especialistas en glaucoma<\/a> que ponen a tu entera disposici\u00f3n sus conocimientos y t\u00e9cnicas avanzadas para prevenir y tratar el glaucoma. Si tienes dudas de esta enfermedad, no dudes en consultarnos; un equipo de profesionales te esperan para orientarte en esta materia. <\/p>\n\n\n\n<p>En el marco de la Campa\u00f1a Nacional de Detecci\u00f3n de Glaucoma organizada por el Consejo Argentino de Oftalmolog\u00eda, <strong>este viernes 15 de marzo entre las 15:00 y 19:00 realizaremos todos los controles sin cargo<\/strong>. Aprovech\u00e1 esta oportunidad y <a href=\"https:\/\/www.sublimis.com\/oftalmologia-argentina\/doctor-facundo-rodriguez-saudel.html\">solicit\u00e1 tu turno.<\/a><\/p>\n<!-- AddThis Advanced Settings generic via filter on the_content --><!-- AddThis Share Buttons generic via filter on the_content -->","protected":false},"excerpt":{"rendered":"<p>El d\u00eda 12 de Marzo se celebrar\u00e1 el D\u00eda Mundial del Glaucoma. La Asociaci\u00f3n Mundial del Glaucoma (WGA) y la Asociaci\u00f3n Mundial de Pacientes con Glaucoma (WGPA) son las organizaciones que avalan esta celebraci\u00f3n. Desde Sublimis nos sumamos a este iniciativa que tiene como prop\u00f3sito difundir y dar a conocer &#8230;<!-- AddThis Advanced Settings generic via filter on get_the_excerpt --><!-- AddThis Share Buttons generic via filter on get_the_excerpt --><\/p>\n","protected":false},"author":9,"featured_media":3779,"comment_status":"open","ping_status":"open","sticky":false,"template":"","format":"standard","meta":{"footnotes":""},"categories":[212],"tags":[290],"class_list":["post-3778","post","type-post","status-publish","format-standard","has-post-thumbnail","hentry","category-oftalmologia","tag-glaucoma","column","twocol","has-thumbnail"],"aioseo_notices":[],"amp_enabled":true,"_links":{"self":[{"href":"https:\/\/www.sublimis.com\/noticias\/wp-json\/wp\/v2\/posts\/3778","targetHints":{"allow":["GET"]}}],"collection":[{"href":"https:\/\/www.sublimis.com\/noticias\/wp-json\/wp\/v2\/posts"}],"about":[{"href":"https:\/\/www.sublimis.com\/noticias\/wp-json\/wp\/v2\/types\/post"}],"author":[{"embeddable":true,"href":"https:\/\/www.sublimis.com\/noticias\/wp-json\/wp\/v2\/users\/9"}],"replies":[{"embeddable":true,"href":"https:\/\/www.sublimis.com\/noticias\/wp-json\/wp\/v2\/comments?post=3778"}],"version-history":[{"count":0,"href":"https:\/\/www.sublimis.com\/noticias\/wp-json\/wp\/v2\/posts\/3778\/revisions"}],"wp:featuredmedia":[{"embeddable":true,"href":"https:\/\/www.sublimis.com\/noticias\/wp-json\/wp\/v2\/media\/3779"}],"wp:attachment":[{"href":"https:\/\/www.sublimis.com\/noticias\/wp-json\/wp\/v2\/media?parent=3778"}],"wp:term":[{"taxonomy":"category","embeddable":true,"href":"https:\/\/www.sublimis.com\/noticias\/wp-json\/wp\/v2\/categories?post=3778"},{"taxonomy":"post_tag","embeddable":true,"href":"https:\/\/www.sublimis.com\/noticias\/wp-json\/wp\/v2\/tags?post=3778"}],"curies":[{"name":"wp","href":"https:\/\/api.w.org\/{rel}","templated":true}]}}